{"id":779,"date":"2015-11-13T19:57:10","date_gmt":"2015-11-13T19:57:10","guid":{"rendered":"http:\/\/slektsgransker.no\/?p=779"},"modified":"2015-11-16T11:30:57","modified_gmt":"2015-11-16T11:30:57","slug":"smartslekt-no-konkurs","status":"publish","type":"post","link":"http:\/\/slektsgransker.no\/?p=779","title":{"rendered":"Smartslekt.no konkurs"},"content":{"rendered":"<figure id=\"attachment_788\" aria-describedby=\"caption-attachment-788\" style=\"width: 650px\" class=\"wp-caption alignleft\"><img loading=\"lazy\" decoding=\"async\" class=\"wp-image-788 size-full\" src=\"http:\/\/slektsgransker.no\/wp\/wp-content\/uploads\/2015\/11\/smartslekt-konkurs3.jpg\" alt=\"smartslekt-konkurs3\" width=\"650\" height=\"587\" srcset=\"http:\/\/slektsgransker.no\/wp\/wp-content\/uploads\/2015\/11\/smartslekt-konkurs3.jpg 650w, http:\/\/slektsgransker.no\/wp\/wp-content\/uploads\/2015\/11\/smartslekt-konkurs3-300x271.jpg 300w\" sizes=\"auto, (max-width: 650px) 100vw, 650px\" \/><figcaption id=\"caption-attachment-788\" class=\"wp-caption-text\">Screenshot fra smartslekt.no 13.11.15<\/figcaption><\/figure>\n<p>Det lovende norske slektsprogrammet\/websiden smartslekt.no har \u00e5penbart sl\u00e5tt seg\/blitt sl\u00e5tt konkurs. Jeg mistenkte at det ikke gikk s\u00e5 bra siden det ikke hadde skjedd noe som helst p\u00e5 sidene siden juni, og b\u00e5de styremedlem Torill Johnsen og daglig leder Mette Gunnari sluttet, som rapportert bl.a. p\u00e5 sidene til NSF i september her:\u00a0<a href=\"http:\/\/www.genealogi.no\/node\/832\">http:\/\/www.genealogi.no\/node\/832<\/a>. Det ble etter sigende\u00a0gjort fors\u00f8k p\u00e5 hente inn mer kapital, men dette gikk \u00e5penbart ikke s\u00e5 bra, og if\u00f8lge Br\u00f8nn\u00f8ysundregisteret ble konkursboet registrert 30.10. Dette er synd, da jeg hadde en viss tro p\u00e5 at dette kunne bli noe bra, (min testrapport kan leses her: <a href=\"http:\/\/slektsgransker.no\/?p=110\">http:\/\/slektsgransker.no\/?p=110<\/a>)\u00a0men det ble nok gjort noen taktiske feilgrep, i tillegg til en mer eller mindre offentlig skittent\u00f8yvask p\u00e5 diverse fora og p\u00e5 facebook i forbindelse med gr\u00fcnder Dag Antonsens av\/utgang fra selskapet. Han har tydeligvis fortsatt \u00e5 utvikle sin visjon, og den kan pr\u00f8ves her:\u00a0<a href=\"http:\/\/www.geneasky.net\/\">http:\/\/www.geneasky.net\/<\/a>. Jeg har ikke testet det enda, og kan ikke borge for hverken kvalitet eller annet.<\/p>\n","protected":false},"excerpt":{"rendered":"<p>Det lovende norske slektsprogrammet\/websiden smartslekt.no har \u00e5penbart sl\u00e5tt seg\/blitt sl\u00e5tt konkurs. Jeg mistenkte at det ikke gikk s\u00e5 bra siden det ikke hadde skjedd noe som helst p\u00e5 sidene siden juni, og b\u00e5de styremedlem Torill Johnsen og daglig leder Mette Gunnari sluttet, som rapportert bl.a. p\u00e5 sidene til NSF i september her:\u00a0http:\/\/www.genealogi.no\/node\/832. Det ble etter [&hellip;]<\/p>\n","protected":false},"author":1,"featured_media":0,"comment_status":"open","ping_status":"open","sticky":false,"template":"","format":"standard","meta":{"footnotes":""},"categories":[1],"tags":[],"class_list":["post-779","post","type-post","status-publish","format-standard","hentry","category-uncategorized"],"yoast_head":"<!-- This site is optimized with the Yoast SEO plugin v25.6 - https:\/\/yoast.com\/wordpress\/plugins\/seo\/ -->\n<title>Smartslekt.no konkurs<\/title>\n<meta name=\"robots\" content=\"index, follow, max-snippet:-1, max-image-preview:large, max-video-preview:-1\" \/>\n<link rel=\"canonical\" href=\"http:\/\/slektsgransker.no\/?p=779\" \/>\n<meta property=\"og:locale\" content=\"nb_NO\" \/>\n<meta property=\"og:type\" content=\"article\" \/>\n<meta property=\"og:title\" content=\"Smartslekt.no konkurs\" \/>\n<meta property=\"og:description\" content=\"Det lovende norske slektsprogrammet\/websiden smartslekt.no har \u00e5penbart sl\u00e5tt seg\/blitt sl\u00e5tt konkurs. Jeg mistenkte at det ikke gikk s\u00e5 bra siden det ikke hadde skjedd noe som helst p\u00e5 sidene siden juni, og b\u00e5de styremedlem Torill Johnsen og daglig leder Mette Gunnari sluttet, som rapportert bl.a. p\u00e5 sidene til NSF i september her:\u00a0http:\/\/www.genealogi.no\/node\/832. Det ble etter [&hellip;]\" \/>\n<meta property=\"og:url\" content=\"http:\/\/slektsgransker.no\/?p=779\" \/>\n<meta property=\"og:site_name\" content=\"Slektshistorisk s\u00f8kelys\" \/>\n<meta property=\"article:published_time\" content=\"2015-11-13T19:57:10+00:00\" \/>\n<meta property=\"article:modified_time\" content=\"2015-11-16T11:30:57+00:00\" \/>\n<meta property=\"og:image\" content=\"http:\/\/slektsgransker.no\/wp\/wp-content\/uploads\/2015\/11\/smartslekt-konkurs3.jpg\" \/>\n<meta name=\"author\" content=\"\u00d8ystein V\u00e6ringsaasen\" \/>\n<meta name=\"twitter:card\" content=\"summary_large_image\" \/>\n<meta name=\"twitter:label1\" content=\"Skrevet av\" \/>\n\t<meta name=\"twitter:data1\" content=\"\u00d8ystein V\u00e6ringsaasen\" \/>\n\t<meta name=\"twitter:label2\" content=\"Ansl. lesetid\" \/>\n\t<meta name=\"twitter:data2\" content=\"1 minutt\" \/>\n<script type=\"application\/ld+json\" class=\"yoast-schema-graph\">{\"@context\":\"https:\/\/schema.org\",\"@graph\":[{\"@type\":\"WebPage\",\"@id\":\"http:\/\/slektsgransker.no\/?p=779\",\"url\":\"http:\/\/slektsgransker.no\/?p=779\",\"name\":\"Smartslekt.no konkurs\",\"isPartOf\":{\"@id\":\"http:\/\/slektsgransker.no\/#website\"},\"primaryImageOfPage\":{\"@id\":\"http:\/\/slektsgransker.no\/?p=779#primaryimage\"},\"image\":{\"@id\":\"http:\/\/slektsgransker.no\/?p=779#primaryimage\"},\"thumbnailUrl\":\"http:\/\/slektsgransker.no\/wp\/wp-content\/uploads\/2015\/11\/smartslekt-konkurs3.jpg\",\"datePublished\":\"2015-11-13T19:57:10+00:00\",\"dateModified\":\"2015-11-16T11:30:57+00:00\",\"author\":{\"@id\":\"http:\/\/slektsgransker.no\/#\/schema\/person\/647eaa01ad40a9e6ce9eac4b4630d41a\"},\"breadcrumb\":{\"@id\":\"http:\/\/slektsgransker.no\/?p=779#breadcrumb\"},\"inLanguage\":\"nb-NO\",\"potentialAction\":[{\"@type\":\"ReadAction\",\"target\":[\"http:\/\/slektsgransker.no\/?p=779\"]}]},{\"@type\":\"ImageObject\",\"inLanguage\":\"nb-NO\",\"@id\":\"http:\/\/slektsgransker.no\/?p=779#primaryimage\",\"url\":\"http:\/\/slektsgransker.no\/wp\/wp-content\/uploads\/2015\/11\/smartslekt-konkurs3.jpg\",\"contentUrl\":\"http:\/\/slektsgransker.no\/wp\/wp-content\/uploads\/2015\/11\/smartslekt-konkurs3.jpg\",\"width\":650,\"height\":587},{\"@type\":\"BreadcrumbList\",\"@id\":\"http:\/\/slektsgransker.no\/?p=779#breadcrumb\",\"itemListElement\":[{\"@type\":\"ListItem\",\"position\":1,\"name\":\"Hjem\",\"item\":\"http:\/\/slektsgransker.no\/\"},{\"@type\":\"ListItem\",\"position\":2,\"name\":\"Smartslekt.no konkurs\"}]},{\"@type\":\"WebSite\",\"@id\":\"http:\/\/slektsgransker.no\/#website\",\"url\":\"http:\/\/slektsgransker.no\/\",\"name\":\"Slektshistorisk s\u00f8kelys\",\"description\":\"genealogiske glimt fra nett og arkiv\",\"potentialAction\":[{\"@type\":\"SearchAction\",\"target\":{\"@type\":\"EntryPoint\",\"urlTemplate\":\"http:\/\/slektsgransker.no\/?s={search_term_string}\"},\"query-input\":{\"@type\":\"PropertyValueSpecification\",\"valueRequired\":true,\"valueName\":\"search_term_string\"}}],\"inLanguage\":\"nb-NO\"},{\"@type\":\"Person\",\"@id\":\"http:\/\/slektsgransker.no\/#\/schema\/person\/647eaa01ad40a9e6ce9eac4b4630d41a\",\"name\":\"\u00d8ystein V\u00e6ringsaasen\",\"image\":{\"@type\":\"ImageObject\",\"inLanguage\":\"nb-NO\",\"@id\":\"http:\/\/slektsgransker.no\/#\/schema\/person\/image\/\",\"url\":\"https:\/\/secure.gravatar.com\/avatar\/91067f0928376e44193e45cbe20a60a5049a007f23600e88ba52327780ab4907?s=96&d=mm&r=g\",\"contentUrl\":\"https:\/\/secure.gravatar.com\/avatar\/91067f0928376e44193e45cbe20a60a5049a007f23600e88ba52327780ab4907?s=96&d=mm&r=g\",\"caption\":\"\u00d8ystein V\u00e6ringsaasen\"},\"url\":\"http:\/\/slektsgransker.no\/?author=1\"}]}<\/script>\n<!-- \/ Yoast SEO plugin. -->","yoast_head_json":{"title":"Smartslekt.no konkurs","robots":{"index":"index","follow":"follow","max-snippet":"max-snippet:-1","max-image-preview":"max-image-preview:large","max-video-preview":"max-video-preview:-1"},"canonical":"http:\/\/slektsgransker.no\/?p=779","og_locale":"nb_NO","og_type":"article","og_title":"Smartslekt.no konkurs","og_description":"Det lovende norske slektsprogrammet\/websiden smartslekt.no har \u00e5penbart sl\u00e5tt seg\/blitt sl\u00e5tt konkurs. Jeg mistenkte at det ikke gikk s\u00e5 bra siden det ikke hadde skjedd noe som helst p\u00e5 sidene siden juni, og b\u00e5de styremedlem Torill Johnsen og daglig leder Mette Gunnari sluttet, som rapportert bl.a. p\u00e5 sidene til NSF i september her:\u00a0http:\/\/www.genealogi.no\/node\/832. Det ble etter [&hellip;]","og_url":"http:\/\/slektsgransker.no\/?p=779","og_site_name":"Slektshistorisk s\u00f8kelys","article_published_time":"2015-11-13T19:57:10+00:00","article_modified_time":"2015-11-16T11:30:57+00:00","og_image":[{"url":"http:\/\/slektsgransker.no\/wp\/wp-content\/uploads\/2015\/11\/smartslekt-konkurs3.jpg","type":"","width":"","height":""}],"author":"\u00d8ystein V\u00e6ringsaasen","twitter_card":"summary_large_image","twitter_misc":{"Skrevet av":"\u00d8ystein V\u00e6ringsaasen","Ansl. lesetid":"1 minutt"},"schema":{"@context":"https:\/\/schema.org","@graph":[{"@type":"WebPage","@id":"http:\/\/slektsgransker.no\/?p=779","url":"http:\/\/slektsgransker.no\/?p=779","name":"Smartslekt.no konkurs","isPartOf":{"@id":"http:\/\/slektsgransker.no\/#website"},"primaryImageOfPage":{"@id":"http:\/\/slektsgransker.no\/?p=779#primaryimage"},"image":{"@id":"http:\/\/slektsgransker.no\/?p=779#primaryimage"},"thumbnailUrl":"http:\/\/slektsgransker.no\/wp\/wp-content\/uploads\/2015\/11\/smartslekt-konkurs3.jpg","datePublished":"2015-11-13T19:57:10+00:00","dateModified":"2015-11-16T11:30:57+00:00","author":{"@id":"http:\/\/slektsgransker.no\/#\/schema\/person\/647eaa01ad40a9e6ce9eac4b4630d41a"},"breadcrumb":{"@id":"http:\/\/slektsgransker.no\/?p=779#breadcrumb"},"inLanguage":"nb-NO","potentialAction":[{"@type":"ReadAction","target":["http:\/\/slektsgransker.no\/?p=779"]}]},{"@type":"ImageObject","inLanguage":"nb-NO","@id":"http:\/\/slektsgransker.no\/?p=779#primaryimage","url":"http:\/\/slektsgransker.no\/wp\/wp-content\/uploads\/2015\/11\/smartslekt-konkurs3.jpg","contentUrl":"http:\/\/slektsgransker.no\/wp\/wp-content\/uploads\/2015\/11\/smartslekt-konkurs3.jpg","width":650,"height":587},{"@type":"BreadcrumbList","@id":"http:\/\/slektsgransker.no\/?p=779#breadcrumb","itemListElement":[{"@type":"ListItem","position":1,"name":"Hjem","item":"http:\/\/slektsgransker.no\/"},{"@type":"ListItem","position":2,"name":"Smartslekt.no konkurs"}]},{"@type":"WebSite","@id":"http:\/\/slektsgransker.no\/#website","url":"http:\/\/slektsgransker.no\/","name":"Slektshistorisk s\u00f8kelys","description":"genealogiske glimt fra nett og arkiv","potentialAction":[{"@type":"SearchAction","target":{"@type":"EntryPoint","urlTemplate":"http:\/\/slektsgransker.no\/?s={search_term_string}"},"query-input":{"@type":"PropertyValueSpecification","valueRequired":true,"valueName":"search_term_string"}}],"inLanguage":"nb-NO"},{"@type":"Person","@id":"http:\/\/slektsgransker.no\/#\/schema\/person\/647eaa01ad40a9e6ce9eac4b4630d41a","name":"\u00d8ystein V\u00e6ringsaasen","image":{"@type":"ImageObject","inLanguage":"nb-NO","@id":"http:\/\/slektsgransker.no\/#\/schema\/person\/image\/","url":"https:\/\/secure.gravatar.com\/avatar\/91067f0928376e44193e45cbe20a60a5049a007f23600e88ba52327780ab4907?s=96&d=mm&r=g","contentUrl":"https:\/\/secure.gravatar.com\/avatar\/91067f0928376e44193e45cbe20a60a5049a007f23600e88ba52327780ab4907?s=96&d=mm&r=g","caption":"\u00d8ystein V\u00e6ringsaasen"},"url":"http:\/\/slektsgransker.no\/?author=1"}]}},"_links":{"self":[{"href":"http:\/\/slektsgransker.no\/index.php?rest_route=\/wp\/v2\/posts\/779","targetHints":{"allow":["GET"]}}],"collection":[{"href":"http:\/\/slektsgransker.no\/index.php?rest_route=\/wp\/v2\/posts"}],"about":[{"href":"http:\/\/slektsgransker.no\/index.php?rest_route=\/wp\/v2\/types\/post"}],"author":[{"embeddable":true,"href":"http:\/\/slektsgransker.no\/index.php?rest_route=\/wp\/v2\/users\/1"}],"replies":[{"embeddable":true,"href":"http:\/\/slektsgransker.no\/index.php?rest_route=%2Fwp%2Fv2%2Fcomments&post=779"}],"version-history":[{"count":1,"href":"http:\/\/slektsgransker.no\/index.php?rest_route=\/wp\/v2\/posts\/779\/revisions"}],"predecessor-version":[{"id":804,"href":"http:\/\/slektsgransker.no\/index.php?rest_route=\/wp\/v2\/posts\/779\/revisions\/804"}],"wp:attachment":[{"href":"http:\/\/slektsgransker.no\/index.php?rest_route=%2Fwp%2Fv2%2Fmedia&parent=779"}],"wp:term":[{"taxonomy":"category","embeddable":true,"href":"http:\/\/slektsgransker.no\/index.php?rest_route=%2Fwp%2Fv2%2Fcategories&post=779"},{"taxonomy":"post_tag","embeddable":true,"href":"http:\/\/slektsgransker.no\/index.php?rest_route=%2Fwp%2Fv2%2Ftags&post=779"}],"curies":[{"name":"wp","href":"https:\/\/api.w.org\/{rel}","templated":true}]}}