{"id":791,"date":"2015-11-14T11:29:21","date_gmt":"2015-11-14T11:29:21","guid":{"rendered":"http:\/\/slektsgransker.no\/?p=791"},"modified":"2015-11-16T11:32:07","modified_gmt":"2015-11-16T11:32:07","slug":"slektsforskerdag-pa-nasjonalbiblioteket","status":"publish","type":"post","link":"http:\/\/slektsgransker.no\/?p=791","title":{"rendered":"Slektsforskerdag p\u00e5 Nasjonalbiblioteket"},"content":{"rendered":"<figure id=\"attachment_792\" aria-describedby=\"caption-attachment-792\" style=\"width: 371px\" class=\"wp-caption alignleft\"><a href=\"http:\/\/slektsgransker.no\/wp\/wp-content\/uploads\/2015\/11\/Slekstforskerdag-paa-Nasjonalbiblioteket.jpg\"><img loading=\"lazy\" decoding=\"async\" class=\"wp-image-792 size-full\" src=\"http:\/\/slektsgransker.no\/wp\/wp-content\/uploads\/2015\/11\/Slekstforskerdag-paa-Nasjonalbiblioteket.jpg\" alt=\"Slekstforskerdag-paa-Nasjonalbiblioteket\" width=\"371\" height=\"1063\" srcset=\"http:\/\/slektsgransker.no\/wp\/wp-content\/uploads\/2015\/11\/Slekstforskerdag-paa-Nasjonalbiblioteket.jpg 371w, http:\/\/slektsgransker.no\/wp\/wp-content\/uploads\/2015\/11\/Slekstforskerdag-paa-Nasjonalbiblioteket-105x300.jpg 105w, http:\/\/slektsgransker.no\/wp\/wp-content\/uploads\/2015\/11\/Slekstforskerdag-paa-Nasjonalbiblioteket-357x1024.jpg 357w\" sizes=\"auto, (max-width: 371px) 100vw, 371px\" \/><\/a><figcaption id=\"caption-attachment-792\" class=\"wp-caption-text\">Flyer for slektsforskerdagen p\u00e5 Nasjonalbiblioteket (finnes p.t. ikke i st\u00f8rre oppl\u00f8sning dessverre)<\/figcaption><\/figure>\n<p>Nasjonalbiblioteket har i noen \u00e5r\u00a0hatt sin egen slektsforskerdag, hvor de blant annet fokuserer p\u00e5 sine egne arkiver og hva man kan finne der. Jeg var der i fjor, og det var i overkant mye folk, men god stemning, gode foredrag &#8211; \u00a0det var endog gratis kaffe og boller! I \u00e5r har de ogs\u00e5 invitert DIS og NLI, og seansen blir sannsynligvis verdt \u00e5 f\u00e5 med seg. Det g\u00e5r av stabelen 21. november, men noe program har de ikke f\u00e5tt lagt ut i skrivende stund.<\/p>\n<p>Skulle det mot formodning v\u00e6re smekk fullt, uinteressant eller drepende kjedelig, kan jeg anbefale en tur p\u00e5 mikrofilmsalen i stedet. Sjansen for at du har aner som har en d\u00f8dsannonse eller en nekrolog du aldri har lest og som kan gjenfinnes i en avis, er n\u00e6rmest 100%. Plukk ut en h\u00e5ndfull aviser \u00e5 se gjennom, fyll ut noen bestillingskort og gi til de som sitter i skranken og spol i vei! Om du ikke har gjort de f\u00f8r s\u00e5 hjelper de deg gjerne. Ta med eller kj\u00f8p en USB-disk i resepsjonen nede s\u00e5 har du noe \u00e5 lagre bildene p\u00e5.<\/p>\n","protected":false},"excerpt":{"rendered":"<p>Nasjonalbiblioteket har i noen \u00e5r\u00a0hatt sin egen slektsforskerdag, hvor de blant annet fokuserer p\u00e5 sine egne arkiver og hva man kan finne der. Jeg var der i fjor, og det var i overkant mye folk, men god stemning, gode foredrag &#8211; \u00a0det var endog gratis kaffe og boller! I \u00e5r har de ogs\u00e5 invitert DIS [&hellip;]<\/p>\n","protected":false},"author":1,"featured_media":0,"comment_status":"open","ping_status":"open","sticky":false,"template":"","format":"standard","meta":{"footnotes":""},"categories":[1],"tags":[],"class_list":["post-791","post","type-post","status-publish","format-standard","hentry","category-uncategorized"],"yoast_head":"<!-- This site is optimized with the Yoast SEO plugin v25.6 - https:\/\/yoast.com\/wordpress\/plugins\/seo\/ -->\n<title>Slektsforskerdag p\u00e5 Nasjonalbiblioteket<\/title>\n<meta name=\"robots\" content=\"index, follow, max-snippet:-1, max-image-preview:large, max-video-preview:-1\" \/>\n<link rel=\"canonical\" href=\"http:\/\/slektsgransker.no\/?p=791\" \/>\n<meta property=\"og:locale\" content=\"nb_NO\" \/>\n<meta property=\"og:type\" content=\"article\" \/>\n<meta property=\"og:title\" content=\"Slektsforskerdag p\u00e5 Nasjonalbiblioteket\" \/>\n<meta property=\"og:description\" content=\"Nasjonalbiblioteket har i noen \u00e5r\u00a0hatt sin egen slektsforskerdag, hvor de blant annet fokuserer p\u00e5 sine egne arkiver og hva man kan finne der. Jeg var der i fjor, og det var i overkant mye folk, men god stemning, gode foredrag &#8211; \u00a0det var endog gratis kaffe og boller! I \u00e5r har de ogs\u00e5 invitert DIS [&hellip;]\" \/>\n<meta property=\"og:url\" content=\"http:\/\/slektsgransker.no\/?p=791\" \/>\n<meta property=\"og:site_name\" content=\"Slektshistorisk s\u00f8kelys\" \/>\n<meta property=\"article:published_time\" content=\"2015-11-14T11:29:21+00:00\" \/>\n<meta property=\"article:modified_time\" content=\"2015-11-16T11:32:07+00:00\" \/>\n<meta property=\"og:image\" content=\"http:\/\/slektsgransker.no\/wp\/wp-content\/uploads\/2015\/11\/Slekstforskerdag-paa-Nasjonalbiblioteket.jpg\" \/>\n<meta name=\"author\" content=\"\u00d8ystein V\u00e6ringsaasen\" \/>\n<meta name=\"twitter:card\" content=\"summary_large_image\" \/>\n<meta name=\"twitter:label1\" content=\"Skrevet av\" \/>\n\t<meta name=\"twitter:data1\" content=\"\u00d8ystein V\u00e6ringsaasen\" \/>\n\t<meta name=\"twitter:label2\" content=\"Ansl. lesetid\" \/>\n\t<meta name=\"twitter:data2\" content=\"1 minutt\" \/>\n<script type=\"application\/ld+json\" class=\"yoast-schema-graph\">{\"@context\":\"https:\/\/schema.org\",\"@graph\":[{\"@type\":\"WebPage\",\"@id\":\"http:\/\/slektsgransker.no\/?p=791\",\"url\":\"http:\/\/slektsgransker.no\/?p=791\",\"name\":\"Slektsforskerdag p\u00e5 Nasjonalbiblioteket\",\"isPartOf\":{\"@id\":\"http:\/\/slektsgransker.no\/#website\"},\"primaryImageOfPage\":{\"@id\":\"http:\/\/slektsgransker.no\/?p=791#primaryimage\"},\"image\":{\"@id\":\"http:\/\/slektsgransker.no\/?p=791#primaryimage\"},\"thumbnailUrl\":\"http:\/\/slektsgransker.no\/wp\/wp-content\/uploads\/2015\/11\/Slekstforskerdag-paa-Nasjonalbiblioteket.jpg\",\"datePublished\":\"2015-11-14T11:29:21+00:00\",\"dateModified\":\"2015-11-16T11:32:07+00:00\",\"author\":{\"@id\":\"http:\/\/slektsgransker.no\/#\/schema\/person\/647eaa01ad40a9e6ce9eac4b4630d41a\"},\"breadcrumb\":{\"@id\":\"http:\/\/slektsgransker.no\/?p=791#breadcrumb\"},\"inLanguage\":\"nb-NO\",\"potentialAction\":[{\"@type\":\"ReadAction\",\"target\":[\"http:\/\/slektsgransker.no\/?p=791\"]}]},{\"@type\":\"ImageObject\",\"inLanguage\":\"nb-NO\",\"@id\":\"http:\/\/slektsgransker.no\/?p=791#primaryimage\",\"url\":\"http:\/\/slektsgransker.no\/wp\/wp-content\/uploads\/2015\/11\/Slekstforskerdag-paa-Nasjonalbiblioteket.jpg\",\"contentUrl\":\"http:\/\/slektsgransker.no\/wp\/wp-content\/uploads\/2015\/11\/Slekstforskerdag-paa-Nasjonalbiblioteket.jpg\",\"width\":371,\"height\":1063},{\"@type\":\"BreadcrumbList\",\"@id\":\"http:\/\/slektsgransker.no\/?p=791#breadcrumb\",\"itemListElement\":[{\"@type\":\"ListItem\",\"position\":1,\"name\":\"Hjem\",\"item\":\"http:\/\/slektsgransker.no\/\"},{\"@type\":\"ListItem\",\"position\":2,\"name\":\"Slektsforskerdag p\u00e5 Nasjonalbiblioteket\"}]},{\"@type\":\"WebSite\",\"@id\":\"http:\/\/slektsgransker.no\/#website\",\"url\":\"http:\/\/slektsgransker.no\/\",\"name\":\"Slektshistorisk s\u00f8kelys\",\"description\":\"genealogiske glimt fra nett og arkiv\",\"potentialAction\":[{\"@type\":\"SearchAction\",\"target\":{\"@type\":\"EntryPoint\",\"urlTemplate\":\"http:\/\/slektsgransker.no\/?s={search_term_string}\"},\"query-input\":{\"@type\":\"PropertyValueSpecification\",\"valueRequired\":true,\"valueName\":\"search_term_string\"}}],\"inLanguage\":\"nb-NO\"},{\"@type\":\"Person\",\"@id\":\"http:\/\/slektsgransker.no\/#\/schema\/person\/647eaa01ad40a9e6ce9eac4b4630d41a\",\"name\":\"\u00d8ystein V\u00e6ringsaasen\",\"image\":{\"@type\":\"ImageObject\",\"inLanguage\":\"nb-NO\",\"@id\":\"http:\/\/slektsgransker.no\/#\/schema\/person\/image\/\",\"url\":\"https:\/\/secure.gravatar.com\/avatar\/91067f0928376e44193e45cbe20a60a5049a007f23600e88ba52327780ab4907?s=96&d=mm&r=g\",\"contentUrl\":\"https:\/\/secure.gravatar.com\/avatar\/91067f0928376e44193e45cbe20a60a5049a007f23600e88ba52327780ab4907?s=96&d=mm&r=g\",\"caption\":\"\u00d8ystein V\u00e6ringsaasen\"},\"url\":\"http:\/\/slektsgransker.no\/?author=1\"}]}<\/script>\n<!-- \/ Yoast SEO plugin. -->","yoast_head_json":{"title":"Slektsforskerdag p\u00e5 Nasjonalbiblioteket","robots":{"index":"index","follow":"follow","max-snippet":"max-snippet:-1","max-image-preview":"max-image-preview:large","max-video-preview":"max-video-preview:-1"},"canonical":"http:\/\/slektsgransker.no\/?p=791","og_locale":"nb_NO","og_type":"article","og_title":"Slektsforskerdag p\u00e5 Nasjonalbiblioteket","og_description":"Nasjonalbiblioteket har i noen \u00e5r\u00a0hatt sin egen slektsforskerdag, hvor de blant annet fokuserer p\u00e5 sine egne arkiver og hva man kan finne der. Jeg var der i fjor, og det var i overkant mye folk, men god stemning, gode foredrag &#8211; \u00a0det var endog gratis kaffe og boller! I \u00e5r har de ogs\u00e5 invitert DIS [&hellip;]","og_url":"http:\/\/slektsgransker.no\/?p=791","og_site_name":"Slektshistorisk s\u00f8kelys","article_published_time":"2015-11-14T11:29:21+00:00","article_modified_time":"2015-11-16T11:32:07+00:00","og_image":[{"url":"http:\/\/slektsgransker.no\/wp\/wp-content\/uploads\/2015\/11\/Slekstforskerdag-paa-Nasjonalbiblioteket.jpg","type":"","width":"","height":""}],"author":"\u00d8ystein V\u00e6ringsaasen","twitter_card":"summary_large_image","twitter_misc":{"Skrevet av":"\u00d8ystein V\u00e6ringsaasen","Ansl. lesetid":"1 minutt"},"schema":{"@context":"https:\/\/schema.org","@graph":[{"@type":"WebPage","@id":"http:\/\/slektsgransker.no\/?p=791","url":"http:\/\/slektsgransker.no\/?p=791","name":"Slektsforskerdag p\u00e5 Nasjonalbiblioteket","isPartOf":{"@id":"http:\/\/slektsgransker.no\/#website"},"primaryImageOfPage":{"@id":"http:\/\/slektsgransker.no\/?p=791#primaryimage"},"image":{"@id":"http:\/\/slektsgransker.no\/?p=791#primaryimage"},"thumbnailUrl":"http:\/\/slektsgransker.no\/wp\/wp-content\/uploads\/2015\/11\/Slekstforskerdag-paa-Nasjonalbiblioteket.jpg","datePublished":"2015-11-14T11:29:21+00:00","dateModified":"2015-11-16T11:32:07+00:00","author":{"@id":"http:\/\/slektsgransker.no\/#\/schema\/person\/647eaa01ad40a9e6ce9eac4b4630d41a"},"breadcrumb":{"@id":"http:\/\/slektsgransker.no\/?p=791#breadcrumb"},"inLanguage":"nb-NO","potentialAction":[{"@type":"ReadAction","target":["http:\/\/slektsgransker.no\/?p=791"]}]},{"@type":"ImageObject","inLanguage":"nb-NO","@id":"http:\/\/slektsgransker.no\/?p=791#primaryimage","url":"http:\/\/slektsgransker.no\/wp\/wp-content\/uploads\/2015\/11\/Slekstforskerdag-paa-Nasjonalbiblioteket.jpg","contentUrl":"http:\/\/slektsgransker.no\/wp\/wp-content\/uploads\/2015\/11\/Slekstforskerdag-paa-Nasjonalbiblioteket.jpg","width":371,"height":1063},{"@type":"BreadcrumbList","@id":"http:\/\/slektsgransker.no\/?p=791#breadcrumb","itemListElement":[{"@type":"ListItem","position":1,"name":"Hjem","item":"http:\/\/slektsgransker.no\/"},{"@type":"ListItem","position":2,"name":"Slektsforskerdag p\u00e5 Nasjonalbiblioteket"}]},{"@type":"WebSite","@id":"http:\/\/slektsgransker.no\/#website","url":"http:\/\/slektsgransker.no\/","name":"Slektshistorisk s\u00f8kelys","description":"genealogiske glimt fra nett og arkiv","potentialAction":[{"@type":"SearchAction","target":{"@type":"EntryPoint","urlTemplate":"http:\/\/slektsgransker.no\/?s={search_term_string}"},"query-input":{"@type":"PropertyValueSpecification","valueRequired":true,"valueName":"search_term_string"}}],"inLanguage":"nb-NO"},{"@type":"Person","@id":"http:\/\/slektsgransker.no\/#\/schema\/person\/647eaa01ad40a9e6ce9eac4b4630d41a","name":"\u00d8ystein V\u00e6ringsaasen","image":{"@type":"ImageObject","inLanguage":"nb-NO","@id":"http:\/\/slektsgransker.no\/#\/schema\/person\/image\/","url":"https:\/\/secure.gravatar.com\/avatar\/91067f0928376e44193e45cbe20a60a5049a007f23600e88ba52327780ab4907?s=96&d=mm&r=g","contentUrl":"https:\/\/secure.gravatar.com\/avatar\/91067f0928376e44193e45cbe20a60a5049a007f23600e88ba52327780ab4907?s=96&d=mm&r=g","caption":"\u00d8ystein V\u00e6ringsaasen"},"url":"http:\/\/slektsgransker.no\/?author=1"}]}},"_links":{"self":[{"href":"http:\/\/slektsgransker.no\/index.php?rest_route=\/wp\/v2\/posts\/791","targetHints":{"allow":["GET"]}}],"collection":[{"href":"http:\/\/slektsgransker.no\/index.php?rest_route=\/wp\/v2\/posts"}],"about":[{"href":"http:\/\/slektsgransker.no\/index.php?rest_route=\/wp\/v2\/types\/post"}],"author":[{"embeddable":true,"href":"http:\/\/slektsgransker.no\/index.php?rest_route=\/wp\/v2\/users\/1"}],"replies":[{"embeddable":true,"href":"http:\/\/slektsgransker.no\/index.php?rest_route=%2Fwp%2Fv2%2Fcomments&post=791"}],"version-history":[{"count":1,"href":"http:\/\/slektsgransker.no\/index.php?rest_route=\/wp\/v2\/posts\/791\/revisions"}],"predecessor-version":[{"id":805,"href":"http:\/\/slektsgransker.no\/index.php?rest_route=\/wp\/v2\/posts\/791\/revisions\/805"}],"wp:attachment":[{"href":"http:\/\/slektsgransker.no\/index.php?rest_route=%2Fwp%2Fv2%2Fmedia&parent=791"}],"wp:term":[{"taxonomy":"category","embeddable":true,"href":"http:\/\/slektsgransker.no\/index.php?rest_route=%2Fwp%2Fv2%2Fcategories&post=791"},{"taxonomy":"post_tag","embeddable":true,"href":"http:\/\/slektsgransker.no\/index.php?rest_route=%2Fwp%2Fv2%2Ftags&post=791"}],"curies":[{"name":"wp","href":"https:\/\/api.w.org\/{rel}","templated":true}]}}