{"id":693,"date":"2015-10-11T19:45:29","date_gmt":"2015-10-11T19:45:29","guid":{"rendered":"http:\/\/slektsgransker.no\/?p=693"},"modified":"2015-11-16T11:24:56","modified_gmt":"2015-11-16T11:24:56","slug":"wilse-utstillingen-pa-folkemuseet","status":"publish","type":"post","link":"https:\/\/slektsgransker.no\/?p=693","title":{"rendered":"Wilse-utstillingen p\u00e5 Folkemus\u00e9et"},"content":{"rendered":"<p><img loading=\"lazy\" decoding=\"async\" class=\"alignleft wp-image-696 size-large\" src=\"http:\/\/slektsgransker.no\/wp\/wp-content\/uploads\/2015\/10\/wilse-inngang-1024x663.jpg\" alt=\"wilse-inngang\" width=\"640\" height=\"414\" srcset=\"https:\/\/slektsgransker.no\/wp\/wp-content\/uploads\/2015\/10\/wilse-inngang-1024x663.jpg 1024w, https:\/\/slektsgransker.no\/wp\/wp-content\/uploads\/2015\/10\/wilse-inngang-300x194.jpg 300w, https:\/\/slektsgransker.no\/wp\/wp-content\/uploads\/2015\/10\/wilse-inngang-700x453.jpg 700w\" sizes=\"auto, (max-width: 640px) 100vw, 640px\" \/>I h\u00f8st fikk jeg endelig somlet meg til \u00e5 bes\u00f8ke en utstilling som kanskje ikke direkte er ren slektsgransking, men allikevel interessant for b\u00e5de slektsgranskere s\u00e5vel som historisk interesserte, nemlig Norsk Folkemuseums utstilling om norgeshistoriens mest kjente fotograf Anders Beer Wilse (1865-1949): <em>Wilse &#8211; bildet av Norge,\u00a0<\/em>satt opp i forbindelse med 150-\u00e5rs markeringen for hans f\u00f8dsel. De aller fleste som har bladd i f.eks. Digitalt Museum har sett en haug med Wilse-bilder, og selv om de fleste vel ikke har noe bilde av sine aner tatt av Wilse, har han kanskje i st\u00f8rre grad enn noen andre preget hvordan vi ser for oss historien de siste hundre \u00e5ra. For meg var det nytt at han tilbrakte mye tid i USA, og for emigrant-slektsgranskere er det mange interessante bilder etter ham som viser hvordan det var &laquo;over there&raquo; p\u00e5 den tiden hundretusenvis av v\u00e5re landsmenn- og kvinner forlot gamlelandet for \u00e5 s\u00f8ke en bedre framtid i et nytt og ukjent land.<\/p>\n<figure id=\"attachment_699\" aria-describedby=\"caption-attachment-699\" style=\"width: 640px\" class=\"wp-caption alignleft\"><img loading=\"lazy\" decoding=\"async\" class=\"wp-image-699 size-large\" src=\"http:\/\/slektsgransker.no\/wp\/wp-content\/uploads\/2015\/10\/wilse-oversikt-1024x585.jpg\" alt=\"wilse-oversikt\" width=\"640\" height=\"366\" srcset=\"https:\/\/slektsgransker.no\/wp\/wp-content\/uploads\/2015\/10\/wilse-oversikt-1024x585.jpg 1024w, https:\/\/slektsgransker.no\/wp\/wp-content\/uploads\/2015\/10\/wilse-oversikt-300x171.jpg 300w, https:\/\/slektsgransker.no\/wp\/wp-content\/uploads\/2015\/10\/wilse-oversikt-700x400.jpg 700w\" sizes=\"auto, (max-width: 640px) 100vw, 640px\" \/><figcaption id=\"caption-attachment-699\" class=\"wp-caption-text\">Sterke bilder av folk<\/figcaption><\/figure>\n<p>Utstillingen er delt opp tematisk i emner som Norgesfotografen, Amerika, Friluftsfotografen, Billedbyr\u00e5et, Folkeliv osv., og det er egne seksjoner egnet til postkort, fotografiutstyret hans m.m.<\/p>\n<figure id=\"attachment_702\" aria-describedby=\"caption-attachment-702\" style=\"width: 800px\" class=\"wp-caption alignleft\"><a href=\"http:\/\/slektsgransker.no\/wp\/wp-content\/uploads\/2015\/10\/fotoapparat.jpg\"><img loading=\"lazy\" decoding=\"async\" class=\"size-full wp-image-702\" src=\"http:\/\/slektsgransker.no\/wp\/wp-content\/uploads\/2015\/10\/fotoapparat.jpg\" alt=\"Fotoapparatet til Wilse\" width=\"800\" height=\"450\" srcset=\"https:\/\/slektsgransker.no\/wp\/wp-content\/uploads\/2015\/10\/fotoapparat.jpg 800w, https:\/\/slektsgransker.no\/wp\/wp-content\/uploads\/2015\/10\/fotoapparat-300x169.jpg 300w, https:\/\/slektsgransker.no\/wp\/wp-content\/uploads\/2015\/10\/fotoapparat-700x394.jpg 700w\" sizes=\"auto, (max-width: 800px) 100vw, 800px\" \/><\/a><figcaption id=\"caption-attachment-702\" class=\"wp-caption-text\">Fotoapparatet til Wilse<\/figcaption><\/figure>\n<p>For meg var kanskje det mest interessante bildene av folk, og en noen av disse var forst\u00f8rret opp i stort format s\u00e5 man f\u00e5r et helt annet inntrykk av den som er avbildet enn et lite bilde p\u00e5 en skjerm. \u00c5 se disse menneskene i n\u00e6r st\u00f8rrelse 1:1 gj\u00f8r det ekstra sterkt.<\/p>\n<p>Utstillingen er absolutt \u00e5 anbefale, og skal st\u00e5 ut 2015 &#8211; kombin\u00e9r selvsagt med et bes\u00f8k p\u00e5 resten av mus\u00e9et, som b\u00f8r bes\u00f8kes med jevne mellomrom!<\/p>\n<p>&nbsp;<\/p>\n<figure id=\"attachment_706\" aria-describedby=\"caption-attachment-706\" style=\"width: 800px\" class=\"wp-caption alignleft\"><a href=\"http:\/\/slektsgransker.no\/wp\/wp-content\/uploads\/2015\/10\/graver.jpg\"><img loading=\"lazy\" decoding=\"async\" class=\"wp-image-706 size-full\" src=\"http:\/\/slektsgransker.no\/wp\/wp-content\/uploads\/2015\/10\/graver.jpg\" alt=\"graver\" width=\"800\" height=\"567\" srcset=\"https:\/\/slektsgransker.no\/wp\/wp-content\/uploads\/2015\/10\/graver.jpg 800w, https:\/\/slektsgransker.no\/wp\/wp-content\/uploads\/2015\/10\/graver-300x213.jpg 300w, https:\/\/slektsgransker.no\/wp\/wp-content\/uploads\/2015\/10\/graver-700x496.jpg 700w\" sizes=\"auto, (max-width: 800px) 100vw, 800px\" \/><\/a><figcaption id=\"caption-attachment-706\" class=\"wp-caption-text\">Bilde av en graver forst\u00f8rret opp til stort format. Det er antakelig kirketjeneren, legg merke til n\u00f8kkelknippet til venstre for graven.<\/figcaption><\/figure>\n<figure id=\"attachment_708\" aria-describedby=\"caption-attachment-708\" style=\"width: 800px\" class=\"wp-caption alignleft\"><img loading=\"lazy\" decoding=\"async\" class=\"wp-image-708 size-full\" src=\"http:\/\/slektsgransker.no\/wp\/wp-content\/uploads\/2015\/10\/postkort.jpg\" alt=\"postkort\" width=\"800\" height=\"450\" srcset=\"https:\/\/slektsgransker.no\/wp\/wp-content\/uploads\/2015\/10\/postkort.jpg 800w, https:\/\/slektsgransker.no\/wp\/wp-content\/uploads\/2015\/10\/postkort-300x169.jpg 300w, https:\/\/slektsgransker.no\/wp\/wp-content\/uploads\/2015\/10\/postkort-700x394.jpg 700w\" sizes=\"auto, (max-width: 800px) 100vw, 800px\" \/><figcaption id=\"caption-attachment-708\" class=\"wp-caption-text\">Et utvalg postkort<\/figcaption><\/figure>\n<figure id=\"attachment_712\" aria-describedby=\"caption-attachment-712\" style=\"width: 1000px\" class=\"wp-caption alignleft\"><a href=\"http:\/\/slektsgransker.no\/wp\/wp-content\/uploads\/2015\/10\/folkogfe.jpg\"><img loading=\"lazy\" decoding=\"async\" class=\"wp-image-712 size-full\" src=\"http:\/\/slektsgransker.no\/wp\/wp-content\/uploads\/2015\/10\/folkogfe.jpg\" alt=\"folkogfe\" width=\"1000\" height=\"572\" srcset=\"https:\/\/slektsgransker.no\/wp\/wp-content\/uploads\/2015\/10\/folkogfe.jpg 1000w, https:\/\/slektsgransker.no\/wp\/wp-content\/uploads\/2015\/10\/folkogfe-300x172.jpg 300w, https:\/\/slektsgransker.no\/wp\/wp-content\/uploads\/2015\/10\/folkogfe-700x400.jpg 700w\" sizes=\"auto, (max-width: 1000px) 100vw, 1000px\" \/><\/a><figcaption id=\"caption-attachment-712\" class=\"wp-caption-text\">Folk<\/figcaption><\/figure>\n<p>&nbsp;<\/p>\n<p>&nbsp;<\/p>\n<p>&nbsp;<\/p>\n<p>&nbsp;<\/p>\n","protected":false},"excerpt":{"rendered":"<p>I h\u00f8st fikk jeg endelig somlet meg til \u00e5 bes\u00f8ke en utstilling som kanskje ikke direkte er ren slektsgransking, men allikevel interessant for b\u00e5de slektsgranskere s\u00e5vel som historisk interesserte, nemlig Norsk Folkemuseums utstilling om norgeshistoriens mest kjente fotograf Anders Beer Wilse (1865-1949): Wilse &#8211; bildet av Norge,\u00a0satt opp i forbindelse med 150-\u00e5rs markeringen for hans [&hellip;]<\/p>\n","protected":false},"author":1,"featured_media":0,"comment_status":"open","ping_status":"open","sticky":false,"template":"","format":"standard","meta":{"footnotes":""},"categories":[1],"tags":[],"class_list":["post-693","post","type-post","status-publish","format-standard","hentry","category-uncategorized"],"yoast_head":"<!-- This site is optimized with the Yoast SEO plugin v25.6 - https:\/\/yoast.com\/wordpress\/plugins\/seo\/ -->\n<title>Wilse-utstillingen p\u00e5 Folkemus\u00e9et<\/title>\n<meta name=\"robots\" content=\"index, follow, max-snippet:-1, max-image-preview:large, max-video-preview:-1\" \/>\n<link rel=\"canonical\" href=\"https:\/\/slektsgransker.no\/?p=693\" \/>\n<meta property=\"og:locale\" content=\"nb_NO\" \/>\n<meta property=\"og:type\" content=\"article\" \/>\n<meta property=\"og:title\" content=\"Wilse-utstillingen p\u00e5 Folkemus\u00e9et\" \/>\n<meta property=\"og:description\" content=\"I h\u00f8st fikk jeg endelig somlet meg til \u00e5 bes\u00f8ke en utstilling som kanskje ikke direkte er ren slektsgransking, men allikevel interessant for b\u00e5de slektsgranskere s\u00e5vel som historisk interesserte, nemlig Norsk Folkemuseums utstilling om norgeshistoriens mest kjente fotograf Anders Beer Wilse (1865-1949): Wilse &#8211; bildet av Norge,\u00a0satt opp i forbindelse med 150-\u00e5rs markeringen for hans [&hellip;]\" \/>\n<meta property=\"og:url\" content=\"https:\/\/slektsgransker.no\/?p=693\" \/>\n<meta property=\"og:site_name\" content=\"Slektshistorisk s\u00f8kelys\" \/>\n<meta property=\"article:published_time\" content=\"2015-10-11T19:45:29+00:00\" \/>\n<meta property=\"article:modified_time\" content=\"2015-11-16T11:24:56+00:00\" \/>\n<meta property=\"og:image\" content=\"http:\/\/slektsgransker.no\/wp\/wp-content\/uploads\/2015\/10\/wilse-inngang-1024x663.jpg\" \/>\n<meta name=\"author\" content=\"\u00d8ystein V\u00e6ringsaasen\" \/>\n<meta name=\"twitter:card\" content=\"summary_large_image\" \/>\n<meta name=\"twitter:label1\" content=\"Skrevet av\" \/>\n\t<meta name=\"twitter:data1\" content=\"\u00d8ystein V\u00e6ringsaasen\" \/>\n\t<meta name=\"twitter:label2\" content=\"Ansl. lesetid\" \/>\n\t<meta name=\"twitter:data2\" content=\"2 minutter\" \/>\n<script type=\"application\/ld+json\" class=\"yoast-schema-graph\">{\"@context\":\"https:\/\/schema.org\",\"@graph\":[{\"@type\":\"WebPage\",\"@id\":\"https:\/\/slektsgransker.no\/?p=693\",\"url\":\"https:\/\/slektsgransker.no\/?p=693\",\"name\":\"Wilse-utstillingen p\u00e5 Folkemus\u00e9et\",\"isPartOf\":{\"@id\":\"http:\/\/slektsgransker.no\/#website\"},\"primaryImageOfPage\":{\"@id\":\"https:\/\/slektsgransker.no\/?p=693#primaryimage\"},\"image\":{\"@id\":\"https:\/\/slektsgransker.no\/?p=693#primaryimage\"},\"thumbnailUrl\":\"http:\/\/slektsgransker.no\/wp\/wp-content\/uploads\/2015\/10\/wilse-inngang-1024x663.jpg\",\"datePublished\":\"2015-10-11T19:45:29+00:00\",\"dateModified\":\"2015-11-16T11:24:56+00:00\",\"author\":{\"@id\":\"http:\/\/slektsgransker.no\/#\/schema\/person\/647eaa01ad40a9e6ce9eac4b4630d41a\"},\"breadcrumb\":{\"@id\":\"https:\/\/slektsgransker.no\/?p=693#breadcrumb\"},\"inLanguage\":\"nb-NO\",\"potentialAction\":[{\"@type\":\"ReadAction\",\"target\":[\"https:\/\/slektsgransker.no\/?p=693\"]}]},{\"@type\":\"ImageObject\",\"inLanguage\":\"nb-NO\",\"@id\":\"https:\/\/slektsgransker.no\/?p=693#primaryimage\",\"url\":\"https:\/\/slektsgransker.no\/wp\/wp-content\/uploads\/2015\/10\/wilse-inngang.jpg\",\"contentUrl\":\"https:\/\/slektsgransker.no\/wp\/wp-content\/uploads\/2015\/10\/wilse-inngang.jpg\",\"width\":3340,\"height\":2163,\"caption\":\"Fra utstillingen - og tydelig bevis p\u00e5 att undertegnede ikke slekter p\u00e5 Wilse, ei heller hans fotografiske talent...\"},{\"@type\":\"BreadcrumbList\",\"@id\":\"https:\/\/slektsgransker.no\/?p=693#breadcrumb\",\"itemListElement\":[{\"@type\":\"ListItem\",\"position\":1,\"name\":\"Hjem\",\"item\":\"http:\/\/slektsgransker.no\/\"},{\"@type\":\"ListItem\",\"position\":2,\"name\":\"Wilse-utstillingen p\u00e5 Folkemus\u00e9et\"}]},{\"@type\":\"WebSite\",\"@id\":\"http:\/\/slektsgransker.no\/#website\",\"url\":\"http:\/\/slektsgransker.no\/\",\"name\":\"Slektshistorisk s\u00f8kelys\",\"description\":\"genealogiske glimt fra nett og arkiv\",\"potentialAction\":[{\"@type\":\"SearchAction\",\"target\":{\"@type\":\"EntryPoint\",\"urlTemplate\":\"http:\/\/slektsgransker.no\/?s={search_term_string}\"},\"query-input\":{\"@type\":\"PropertyValueSpecification\",\"valueRequired\":true,\"valueName\":\"search_term_string\"}}],\"inLanguage\":\"nb-NO\"},{\"@type\":\"Person\",\"@id\":\"http:\/\/slektsgransker.no\/#\/schema\/person\/647eaa01ad40a9e6ce9eac4b4630d41a\",\"name\":\"\u00d8ystein V\u00e6ringsaasen\",\"image\":{\"@type\":\"ImageObject\",\"inLanguage\":\"nb-NO\",\"@id\":\"http:\/\/slektsgransker.no\/#\/schema\/person\/image\/\",\"url\":\"https:\/\/secure.gravatar.com\/avatar\/91067f0928376e44193e45cbe20a60a5049a007f23600e88ba52327780ab4907?s=96&d=mm&r=g\",\"contentUrl\":\"https:\/\/secure.gravatar.com\/avatar\/91067f0928376e44193e45cbe20a60a5049a007f23600e88ba52327780ab4907?s=96&d=mm&r=g\",\"caption\":\"\u00d8ystein V\u00e6ringsaasen\"},\"url\":\"https:\/\/slektsgransker.no\/?author=1\"}]}<\/script>\n<!-- \/ Yoast SEO plugin. -->","yoast_head_json":{"title":"Wilse-utstillingen p\u00e5 Folkemus\u00e9et","robots":{"index":"index","follow":"follow","max-snippet":"max-snippet:-1","max-image-preview":"max-image-preview:large","max-video-preview":"max-video-preview:-1"},"canonical":"https:\/\/slektsgransker.no\/?p=693","og_locale":"nb_NO","og_type":"article","og_title":"Wilse-utstillingen p\u00e5 Folkemus\u00e9et","og_description":"I h\u00f8st fikk jeg endelig somlet meg til \u00e5 bes\u00f8ke en utstilling som kanskje ikke direkte er ren slektsgransking, men allikevel interessant for b\u00e5de slektsgranskere s\u00e5vel som historisk interesserte, nemlig Norsk Folkemuseums utstilling om norgeshistoriens mest kjente fotograf Anders Beer Wilse (1865-1949): Wilse &#8211; bildet av Norge,\u00a0satt opp i forbindelse med 150-\u00e5rs markeringen for hans [&hellip;]","og_url":"https:\/\/slektsgransker.no\/?p=693","og_site_name":"Slektshistorisk s\u00f8kelys","article_published_time":"2015-10-11T19:45:29+00:00","article_modified_time":"2015-11-16T11:24:56+00:00","og_image":[{"url":"http:\/\/slektsgransker.no\/wp\/wp-content\/uploads\/2015\/10\/wilse-inngang-1024x663.jpg","type":"","width":"","height":""}],"author":"\u00d8ystein V\u00e6ringsaasen","twitter_card":"summary_large_image","twitter_misc":{"Skrevet av":"\u00d8ystein V\u00e6ringsaasen","Ansl. lesetid":"2 minutter"},"schema":{"@context":"https:\/\/schema.org","@graph":[{"@type":"WebPage","@id":"https:\/\/slektsgransker.no\/?p=693","url":"https:\/\/slektsgransker.no\/?p=693","name":"Wilse-utstillingen p\u00e5 Folkemus\u00e9et","isPartOf":{"@id":"http:\/\/slektsgransker.no\/#website"},"primaryImageOfPage":{"@id":"https:\/\/slektsgransker.no\/?p=693#primaryimage"},"image":{"@id":"https:\/\/slektsgransker.no\/?p=693#primaryimage"},"thumbnailUrl":"http:\/\/slektsgransker.no\/wp\/wp-content\/uploads\/2015\/10\/wilse-inngang-1024x663.jpg","datePublished":"2015-10-11T19:45:29+00:00","dateModified":"2015-11-16T11:24:56+00:00","author":{"@id":"http:\/\/slektsgransker.no\/#\/schema\/person\/647eaa01ad40a9e6ce9eac4b4630d41a"},"breadcrumb":{"@id":"https:\/\/slektsgransker.no\/?p=693#breadcrumb"},"inLanguage":"nb-NO","potentialAction":[{"@type":"ReadAction","target":["https:\/\/slektsgransker.no\/?p=693"]}]},{"@type":"ImageObject","inLanguage":"nb-NO","@id":"https:\/\/slektsgransker.no\/?p=693#primaryimage","url":"https:\/\/slektsgransker.no\/wp\/wp-content\/uploads\/2015\/10\/wilse-inngang.jpg","contentUrl":"https:\/\/slektsgransker.no\/wp\/wp-content\/uploads\/2015\/10\/wilse-inngang.jpg","width":3340,"height":2163,"caption":"Fra utstillingen - og tydelig bevis p\u00e5 att undertegnede ikke slekter p\u00e5 Wilse, ei heller hans fotografiske talent..."},{"@type":"BreadcrumbList","@id":"https:\/\/slektsgransker.no\/?p=693#breadcrumb","itemListElement":[{"@type":"ListItem","position":1,"name":"Hjem","item":"http:\/\/slektsgransker.no\/"},{"@type":"ListItem","position":2,"name":"Wilse-utstillingen p\u00e5 Folkemus\u00e9et"}]},{"@type":"WebSite","@id":"http:\/\/slektsgransker.no\/#website","url":"http:\/\/slektsgransker.no\/","name":"Slektshistorisk s\u00f8kelys","description":"genealogiske glimt fra nett og arkiv","potentialAction":[{"@type":"SearchAction","target":{"@type":"EntryPoint","urlTemplate":"http:\/\/slektsgransker.no\/?s={search_term_string}"},"query-input":{"@type":"PropertyValueSpecification","valueRequired":true,"valueName":"search_term_string"}}],"inLanguage":"nb-NO"},{"@type":"Person","@id":"http:\/\/slektsgransker.no\/#\/schema\/person\/647eaa01ad40a9e6ce9eac4b4630d41a","name":"\u00d8ystein V\u00e6ringsaasen","image":{"@type":"ImageObject","inLanguage":"nb-NO","@id":"http:\/\/slektsgransker.no\/#\/schema\/person\/image\/","url":"https:\/\/secure.gravatar.com\/avatar\/91067f0928376e44193e45cbe20a60a5049a007f23600e88ba52327780ab4907?s=96&d=mm&r=g","contentUrl":"https:\/\/secure.gravatar.com\/avatar\/91067f0928376e44193e45cbe20a60a5049a007f23600e88ba52327780ab4907?s=96&d=mm&r=g","caption":"\u00d8ystein V\u00e6ringsaasen"},"url":"https:\/\/slektsgransker.no\/?author=1"}]}},"_links":{"self":[{"href":"https:\/\/slektsgransker.no\/index.php?rest_route=\/wp\/v2\/posts\/693","targetHints":{"allow":["GET"]}}],"collection":[{"href":"https:\/\/slektsgransker.no\/index.php?rest_route=\/wp\/v2\/posts"}],"about":[{"href":"https:\/\/slektsgransker.no\/index.php?rest_route=\/wp\/v2\/types\/post"}],"author":[{"embeddable":true,"href":"https:\/\/slektsgransker.no\/index.php?rest_route=\/wp\/v2\/users\/1"}],"replies":[{"embeddable":true,"href":"https:\/\/slektsgransker.no\/index.php?rest_route=%2Fwp%2Fv2%2Fcomments&post=693"}],"version-history":[{"count":1,"href":"https:\/\/slektsgransker.no\/index.php?rest_route=\/wp\/v2\/posts\/693\/revisions"}],"predecessor-version":[{"id":801,"href":"https:\/\/slektsgransker.no\/index.php?rest_route=\/wp\/v2\/posts\/693\/revisions\/801"}],"wp:attachment":[{"href":"https:\/\/slektsgransker.no\/index.php?rest_route=%2Fwp%2Fv2%2Fmedia&parent=693"}],"wp:term":[{"taxonomy":"category","embeddable":true,"href":"https:\/\/slektsgransker.no\/index.php?rest_route=%2Fwp%2Fv2%2Fcategories&post=693"},{"taxonomy":"post_tag","embeddable":true,"href":"https:\/\/slektsgransker.no\/index.php?rest_route=%2Fwp%2Fv2%2Ftags&post=693"}],"curies":[{"name":"wp","href":"https:\/\/api.w.org\/{rel}","templated":true}]}}